{"id":4468,"date":"2017-02-20T18:40:05","date_gmt":"2017-02-20T17:40:05","guid":{"rendered":"https:\/\/toldosaraque.com\/madrid\/?p=4468"},"modified":"2017-02-20T18:40:05","modified_gmt":"2017-02-20T17:40:05","slug":"fabricacion-e-instalacion-de-toldos-portada-en-madrid","status":"publish","type":"post","link":"https:\/\/toldosaraque.com\/madrid\/fabricacion-e-instalacion-de-toldos-portada-en-madrid\/","title":{"rendered":"Fabricaci\u00f3n e instalaci\u00f3n de toldos portada en Madrid"},"content":{"rendered":"<p>[et_pb_section admin_label=\u00bbsection\u00bb][et_pb_row admin_label=\u00bbrow\u00bb][et_pb_column type=\u00bb4_4&#8243;][et_pb_text admin_label=\u00bbTexto\u00bb background_layout=\u00bblight\u00bb text_orientation=\u00bbleft\u00bb use_border_color=\u00bboff\u00bb border_color=\u00bb#ffffff\u00bb border_style=\u00bbsolid\u00bb]<\/p>\n<blockquote class=\"wp-embedded-content\" data-secret=\"fY1gqLrVX5\"><p><a href=\"https:\/\/toldosaraque.com\/madrid\/toldos\/toldo-portada-madrid\/\">TOLDO PORTADA MADRID<\/a><\/p><\/blockquote>\n<p><iframe loading=\"lazy\" title=\"\u00abTOLDO PORTADA MADRID\u00bb \u2014 Empresa Toldos en Madrid toldos instaladores Araque\" class=\"wp-embedded-content\" sandbox=\"allow-scripts\" security=\"restricted\" style=\"position: absolute; clip: rect(1px, 1px, 1px, 1px);\" src=\"https:\/\/toldosaraque.com\/madrid\/toldos\/toldo-portada-madrid\/embed\/#?secret=fY1gqLrVX5\" data-secret=\"fY1gqLrVX5\" width=\"600\" height=\"338\" frameborder=\"0\" marginwidth=\"0\" marginheight=\"0\" scrolling=\"no\"><\/iframe><\/p>\n<p>Tradicional, sencillo y econ\u00f3mico, especialmente dise\u00f1ado para ventanas sin balc\u00f3n aunque puede ser aplicado en otras estructuras igualmente como en comercios y terrazas. En este modelo los brazos se fijan en la pared.<\/p>\n<p>En todas nuestras instalaciones los brazos van provistos de un sistema interior de tensi\u00f3n controlada que mantiene el toldo de punto recto firme frente a los golpes y sacudidas del viento.<\/p>\n<p>Fabricaci\u00f3n e instalaci\u00f3n de toldos portada en Madrid y Toledo<\/p>\n<p>&nbsp;<\/p>\n<p>[\/et_pb_text][et_pb_gallery admin_label=\u00bbGaler\u00eda\u00bb gallery_ids=\u00bb4148,4147,3116,3115,3111,3114,3113,3112&#8243; fullwidth=\u00bboff\u00bb show_title_and_caption=\u00bboff\u00bb show_pagination=\u00bbon\u00bb background_layout=\u00bblight\u00bb auto=\u00bboff\u00bb hover_overlay_color=\u00bbrgba(255,255,255,0.9)\u00bb caption_all_caps=\u00bboff\u00bb use_border_color=\u00bboff\u00bb border_color=\u00bb#ffffff\u00bb border_style=\u00bbsolid\u00bb \/][et_pb_text admin_label=\u00bbTexto\u00bb background_layout=\u00bblight\u00bb text_orientation=\u00bbleft\u00bb use_border_color=\u00bboff\u00bb border_color=\u00bb#ffffff\u00bb border_style=\u00bbsolid\u00bb]<\/p>\n<h2 style=\"text-align: center;\"><strong><span style=\"color: #0000ff;\">TOLDO PORTADA EN MADRID<\/span><\/strong><\/h2>\n<p>[\/et_pb_text][\/et_pb_column][\/et_pb_row][et_pb_row admin_label=\u00bbFila\u00bb][et_pb_column type=\u00bb1_2&#8243;][et_pb_text admin_label=\u00bbTexto\u00bb background_layout=\u00bblight\u00bb text_orientation=\u00bbleft\u00bb use_border_color=\u00bboff\u00bb border_color=\u00bb#ffffff\u00bb border_style=\u00bbsolid\u00bb]<\/p>\n<ul>\n<li>Toldo Portada en Ajalvir<\/li>\n<li>Toldo Portada en Alameda del Valle<\/li>\n<li>Toldo Portada en Alcal\u00e1 de Henares<\/li>\n<li>Toldo Portada en Alcobendas<\/li>\n<li>Toldo Portada en Alcorc\u00f3n<\/li>\n<li>Toldo Portada en Alpedrete<\/li>\n<li>Toldo Portada en Ambite<\/li>\n<li>Toldo Portada en Anchuelo<\/li>\n<li>Toldo Portada en Aranjuez<\/li>\n<li>Toldo Portada en Arganda del Rey<\/li>\n<li>Toldo Portada en Arroyomolinos<\/li>\n<li>Toldo Portada en Batres<\/li>\n<li>Toldo Portada en Becerril de la Sierra<\/li>\n<li>Toldo Portada en Belmonte de Tajo<\/li>\n<li>Toldo Portada en Berzosa del Lozoya<\/li>\n<li>Toldo Portada en Boadilla del Monte<\/li>\n<li>Toldo Portada en Braojos de la Sierra<\/li>\n<li>Toldo Portada en Brea de Tajo<\/li>\n<li>Toldo Portada en Brunete<\/li>\n<li>Toldo Portada en Buitrago del Lozoya<\/li>\n<li>Toldo Portada en Bustarviejo<\/li>\n<li>Toldo Portada en Cabanillas de la Sierra<\/li>\n<li>Toldo Portada en Cadalso de los Vidrios<\/li>\n<li>Toldo Portada en Camarma de Esteruelas<\/li>\n<li>Toldo Portada en Campo Real<\/li>\n<li>Toldo Portada en Canencia<\/li>\n<li>Toldo Portada en Caraba\u00f1a<\/li>\n<li>Toldo Portada en Casarrubuelos<\/li>\n<li>Toldo Portada en Cenicientos<\/li>\n<li>Toldo Portada en Cercedilla<\/li>\n<li>Toldo Portada en Cervera de Buitrago<\/li>\n<li>Toldo Portada en Chapiner\u00eda<\/li>\n<li>Toldo Portada en Chinch\u00f3n<\/li>\n<li>Toldo Portada en Ciempozuelos<\/li>\n<li>Toldo Portada en Cobe\u00f1a<\/li>\n<li>Toldo Portada en Collado Mediano<\/li>\n<li>Toldo Portada en Collado Villalba<\/li>\n<li>Toldo Portada en Colmenar de Oreja<\/li>\n<li>Toldo Portada en Colmenar del Arroyo<\/li>\n<li>Toldo Portada en Colmenar Viejo<\/li>\n<li>Toldo Portada en Colmenarejo<\/li>\n<li>Toldo Portada en Corpa<\/li>\n<li>Toldo Portada en Coslada<\/li>\n<li>Toldo Portada en Cubas de la Sagra<\/li>\n<li>Toldo Portada en Daganzo de Arriba<\/li>\n<li>Toldo Portada en El \u00c1lamo<\/li>\n<li>Toldo Portada en El Atazar<\/li>\n<li>Toldo Portada en El Berrueco<\/li>\n<li>Toldo Portada en El Boalo<\/li>\n<li>Toldo Portada en El Escorial<\/li>\n<li>Toldo Portada en El Molar<\/li>\n<li>Toldo Portada en El Vell\u00f3n<\/li>\n<li>Toldo Portada en Estremera<\/li>\n<li>Toldo Portada en Fresnedillas de la Oliva<\/li>\n<li>Toldo Portada en Fresno de Torote<\/li>\n<li>Toldo Portada en Fuenlabrada<\/li>\n<li>Toldo Portada en Fuente el Saz de Jarama<\/li>\n<li>Toldo Portada en Fuentidue\u00f1a de Tajo<\/li>\n<li>Toldo Portada en Galapagar<\/li>\n<li>Toldo Portada en Garganta de los Montes<\/li>\n<li>Toldo Portada en Gargantilla del Lozoya<\/li>\n<li>Toldo Portada en Gascones<\/li>\n<li>Toldo Portada en Getafe<\/li>\n<li>Toldo Portada en Gri\u00f1\u00f3n<\/li>\n<li>Toldo Portada en Guadalix de la Sierra<\/li>\n<li>Toldo Portada en Guadarrama<\/li>\n<li>Toldo Portada en Horcajo de la Sierra-Aoslos<\/li>\n<li>Toldo Portada en Horcajuelo de la Sierra<\/li>\n<li>Toldo Portada en Hoyo de Manzanares<\/li>\n<li>Toldo Portada en Humanes de Madrid<\/li>\n<li>Toldo Portada en La Acebeda<\/li>\n<li>Toldo Portada en La Cabrera<\/li>\n<li>Toldo Portada en La Hiruela<\/li>\n<li>Toldo Portada en La Serna del Monte<\/li>\n<li>Toldo Portada en Las Rozas de Madrid<\/li>\n<li>Toldo Portada en Legan\u00e9s<\/li>\n<li>Toldo Portada en Loeches<\/li>\n<li>Toldo Portada en Los Molinos<\/li>\n<li>Toldo Portada en Los Santos de la Humosa<\/li>\n<li>Toldo Portada en Lozoya<\/li>\n<li>Toldo Portada en Lozoyuela-Navas-Sieteiglesias<\/li>\n<li>Toldo Portada en M\u00f3stoles<\/li>\n<li>Toldo Portada Toldo Portada en Madrid<\/li>\n<li>Toldo Portada en Majadahonda<\/li>\n<li>Toldo Portada en Manzanares el Real<\/li>\n<li>Toldo Portada en Meco<\/li>\n<li>Toldo Portada en Mejorada del Campo<\/li>\n<li>Toldo Portada en Miraflores de la Sierra<\/li>\n<\/ul>\n<p>[\/et_pb_text][\/et_pb_column][et_pb_column type=\u00bb1_2&#8243;][et_pb_text admin_label=\u00bbTexto\u00bb background_layout=\u00bblight\u00bb text_orientation=\u00bbleft\u00bb use_border_color=\u00bboff\u00bb border_color=\u00bb#ffffff\u00bb border_style=\u00bbsolid\u00bb]<\/p>\n<ul>\n<li>Toldo Portada en Montejo de la Sierra<\/li>\n<li>Toldo Portada en Moraleja de Enmedio<\/li>\n<li>Toldo Portada en Moralzarzal<\/li>\n<li>Toldo Portada en Morata de Taju\u00f1a<\/li>\n<li>Toldo Portada en Navacerrada<\/li>\n<li>Toldo Portada en Navalafuente<\/li>\n<li>Toldo Portada en Navalagamella<\/li>\n<li>Toldo Portada en Navalcarnero<\/li>\n<li>Toldo Portada en Navarredonda y San Mam\u00e9s<\/li>\n<li>Toldo Portada en Navas del Rey<\/li>\n<li>Toldo Portada en Nuevo Bazt\u00e1n<\/li>\n<li>Toldo Portada en Olmeda de las Fuentes<\/li>\n<li>Toldo Portada en Orusco de Taju\u00f1a<\/li>\n<li>Toldo Portada en Paracuellos de Jarama<\/li>\n<li>Toldo Portada en Parla<\/li>\n<li>Toldo Portada en Patones<\/li>\n<li>Toldo Portada en Pedrezuela<\/li>\n<li>Toldo Portada en Pelayos de la Presa<\/li>\n<li>Toldo Portada en Perales de Taju\u00f1a<\/li>\n<li>Toldo Portada en Toldos en Pezuela de las Torres<\/li>\n<li>Toldo Portada en Pi\u00f1u\u00e9car-Gandullas<\/li>\n<li>Toldo Portada en Pinilla del Valle<\/li>\n<li>Toldo Portada en Pinto<\/li>\n<li>Toldo Portada en Pozuelo de Alarc\u00f3n<\/li>\n<li>Toldo Portada en Pozuelo del Rey<\/li>\n<li>Toldo Portada en Pr\u00e1dena del Rinc\u00f3n<\/li>\n<li>Toldo Portada en Puebla de la Sierra<\/li>\n<li>Toldo Portada en Puentes Viejas<\/li>\n<li>Toldo Portada en Quijorna<\/li>\n<li>Toldo Portada en Rascafr\u00eda<\/li>\n<li>Toldo Portada en Redue\u00f1a<\/li>\n<li>Toldo Portada en Ribatejada<\/li>\n<li>Toldo Portada en Rivas-Vaciamadrid<\/li>\n<li>Toldo Portada en Robledillo de la Jara<\/li>\n<li>Toldo Portada en Robledo de Chavela<\/li>\n<li>Toldo Portada en Robregordo<\/li>\n<li>Toldo Portada en Rozas de Puerto Real<\/li>\n<li>Toldo Portada en San Agust\u00edn del Guadalix<\/li>\n<li>Toldo Portada en San Fernando de Henares<\/li>\n<li>Toldo Portada en San Lorenzo de El Escorial<\/li>\n<li>Toldo Portada en San Mart\u00edn de la Vega<\/li>\n<li>Toldo Portada en San Mart\u00edn de Valdeiglesias<\/li>\n<li>Toldo Portada en San Sebasti\u00e1n de los Reyes<\/li>\n<li>Toldo Portada en Santa Mar\u00eda de la Alameda<\/li>\n<li>Toldo Portada en Santorcaz<\/li>\n<li>Toldo Portada en Serranillos del Valle<\/li>\n<li>Toldo Portada en Sevilla la Nueva<\/li>\n<li>Toldo Portada en Somosierra<\/li>\n<li>Toldo Portada en Soto del Real<\/li>\n<li>Toldo Portada en Talamanca de Jarama<\/li>\n<li>Toldo Portada en Tielmes<\/li>\n<li>Toldo Portada en Titulcia<\/li>\n<li>Toldo Portada en Torrej\u00f3n de Ardoz<\/li>\n<li>Toldo Portada en Torrej\u00f3n de la Calzada<\/li>\n<li>Toldo Portada en Torrej\u00f3n de Velasco<\/li>\n<li>Toldo Portada en Torrelaguna<\/li>\n<li>Toldo Portada en Torrelodones<\/li>\n<li>Toldo Portada en Torremocha de Jarama<\/li>\n<li>Toldo Portada en Torres de la Alameda<\/li>\n<li>Toldo Portada en Tres Cantos<\/li>\n<li>Toldo Portada en Valdaracete<\/li>\n<li>Toldo Portada en Valdeavero<\/li>\n<li>Toldo Portada en Valdelaguna<\/li>\n<li>Toldo Portada en Valdemanco<\/li>\n<li>Toldo Portada en Valdemaqueda<\/li>\n<li>Toldo Portada en Valdemorillo<\/li>\n<li>Toldo Portada en Valdemoro<\/li>\n<li>Toldo Portada en Valdeolmos-Alalpardo<\/li>\n<li>Toldo Portada en Valdepi\u00e9lagos<\/li>\n<li>Toldo Portada en Valdetorres de Jarama<\/li>\n<li>Toldo Portada en Valdilecha<\/li>\n<li>Toldo Portada en Valverde de Alcal\u00e1<\/li>\n<li>Toldo Portada en Velilla de San Antonio<\/li>\n<li>Toldo Portada en Venturada<\/li>\n<li>Toldo Portada en Villa del Prado<\/li>\n<li>Toldo Portada en Villaconejos<\/li>\n<li>Toldo Portada en Villalbilla<\/li>\n<li>Toldo Portada en Villamanrique de Tajo<\/li>\n<li>Toldo Portada en Villamanta<\/li>\n<li>Toldo Portada en Villamantilla<\/li>\n<li>Toldo Portada en Villanueva de la Ca\u00f1ada<\/li>\n<li>Toldo Portada en Villanueva de Perales<\/li>\n<li>Toldo Portada en Villanueva del Pardillo<\/li>\n<li>Toldo Portada en Villar del Olmo<\/li>\n<li>Toldo Portada en Villarejo de Salvan\u00e9s<\/li>\n<li>Toldo Portada en Villaviciosa de Od\u00f3n<\/li>\n<li>Toldo Portada en Villavieja del Lozoya<\/li>\n<li>Toldo Portada en Zarzalejo<\/li>\n<\/ul>\n<p>[\/et_pb_text][\/et_pb_column][\/et_pb_row][et_pb_row admin_label=\u00bbFila\u00bb][et_pb_column type=\u00bb4_4&#8243;][et_pb_text admin_label=\u00bbTexto\u00bb background_layout=\u00bblight\u00bb text_orientation=\u00bbleft\u00bb use_border_color=\u00bboff\u00bb border_color=\u00bb#ffffff\u00bb border_style=\u00bbsolid\u00bb]<\/p>\n<h2 style=\"text-align: center;\"><strong><span style=\"color: #0000ff;\">TOLDO PORTADA EN TOLEDO<\/span><\/strong><\/h2>\n<p>[\/et_pb_text][\/et_pb_column][\/et_pb_row][et_pb_row admin_label=\u00bbFila\u00bb][et_pb_column type=\u00bb1_2&#8243;][et_pb_text admin_label=\u00bbTexto\u00bb background_layout=\u00bblight\u00bb text_orientation=\u00bbleft\u00bb use_border_color=\u00bboff\u00bb border_color=\u00bb#ffffff\u00bb border_style=\u00bbsolid\u00bb]<\/p>\n<ul>\n<li>Toldo Portada en Toledo<\/li>\n<li>Toldo Portada en Sese\u00f1a<\/li>\n<li>Toldo Portada en Borox<\/li>\n<li>Toldo Portada en A\u00f1over de Tajo<\/li>\n<li>Toldo Portada en Villaseca de la Sagra<\/li>\n<li>Toldo Portada en Mocejon<\/li>\n<li>Toldo Portada en Esquivias<\/li>\n<li>Toldo Portada en Numancia de la Sagra<\/li>\n<li>Toldo Portada en Pantoja<\/li>\n<li>Toldo Portada en Cobeja<\/li>\n<li>Toldo Portada en Yeles<\/li>\n<li>Toldo Portada en Illescas<\/li>\n<li>Toldo Portada en Ugena<\/li>\n<li>Toldo Portada en Carranque<\/li>\n<li>Toldo Portada en Yuncos<\/li>\n<li>Toldo Portada en Yuncler<\/li>\n<li>Toldo Portada en Villaluenga de la Sagra<\/li>\n<\/ul>\n<p>[\/et_pb_text][\/et_pb_column][et_pb_column type=\u00bb1_2&#8243;][et_pb_text admin_label=\u00bbTexto\u00bb background_layout=\u00bblight\u00bb text_orientation=\u00bbleft\u00bb use_border_color=\u00bboff\u00bb border_color=\u00bb#ffffff\u00bb border_style=\u00bbsolid\u00bb]<\/p>\n<ul>\n<li>Toldo Portada en El Viso de San Juan<\/li>\n<li>Toldo Portada en Caba\u00f1as de la Sagra<\/li>\n<li>Toldo Portada en Yunclillos<\/li>\n<li>Toldo Portada en Bargas<\/li>\n<li>Toldo Portada en Casarrubios del Monte<\/li>\n<li>Toldo Portada en Lominchar<\/li>\n<li>Toldo Portada en Santa Cruz de la Zarza<\/li>\n<li>Toldo Portada en Villarubia de Santiago<\/li>\n<li>Toldo Portada en Noblejas<\/li>\n<li>Toldo Portada en Ontigola<\/li>\n<li>Toldo Portada en Ciruelos<\/li>\n<li>Toldo Portada en Yepes<\/li>\n<li>Toldo Portada en Oca\u00f1a<\/li>\n<li>Toldo Portada en Villatobas<\/li>\n<li>Toldo Portada en Caba\u00f1as de Yepes<\/li>\n<li>Toldo Portada en Dosbarrios<\/li>\n<li>Toldo Portada en Villasequilla<\/li>\n<\/ul>\n<p>[\/et_pb_text][\/et_pb_column][\/et_pb_row][\/et_pb_section]<\/p>\n","protected":false},"excerpt":{"rendered":"<p>https:\/\/toldosaraque.com\/madrid\/toldos\/toldo-portada-madrid\/ Tradicional, sencillo y econ\u00f3mico, especialmente dise\u00f1ado para ventanas sin balc\u00f3n aunque puede ser aplicado en otras estructuras igualmente como en comercios y terrazas. En este modelo los brazos se fijan en la pared. En todas nuestras instalaciones los brazos van provistos de un sistema interior de tensi\u00f3n controlada que mantiene el toldo de punto [&hellip;]<\/p>\n","protected":false},"author":3,"featured_media":4148,"comment_status":"open","ping_status":"open","sticky":false,"template":"","format":"standard","meta":{"_et_pb_use_builder":"on","_et_pb_old_content":"","_et_gb_content_width":"","_joinchat":[],"footnotes":""},"categories":[1],"tags":[229,230,231,228,13,14,15,16,17,18,19,20,21,22,23,24,25,26,27,28,29,30,31,32,33,34,35,36,37,38,39,40,41,42,43,44,45,46,47,48,49,50,51,52,53,54,55,56,57,58,59,60,61,62,63,64,65,66,67,68,69,70,71,72,73,74,75,76,77,78,79,80,81,82,201,83,84,85,86,87,88,89,90,91,92,93,95,11,96,97,98,99,100,101,102,103,104,94,105,106,107,108,109,110,111,219,112,113,114,115,116,117,118,119,120,122,123,121,124,125,128,129,130,131,132,133,134,135,136,137,138,139,140,141,142,143,144,145,146,147,233,148,149,150,151,152,153,190,154,155,156,157,158,159,160,161,162,163,164,165,166,167,168,169,170,171,172,173,174,175,176,177,178,179,180,181,182,183,184,185,186,187,188,189,232],"class_list":["post-4468","post","type-post","status-publish","format-standard","has-post-thumbnail","hentry","category-noticias","tag-pradena-del-rincon","tag-toldo-portada","tag-toldo-portada-madrid","tag-toldos-en","tag-toldos-en-ajalvir","tag-toldos-en-alameda-del-valle","tag-toldos-en-alcala-de-henares","tag-toldos-en-alcobendas","tag-toldos-en-alcorcon","tag-toldos-en-aldea-del-fresno","tag-toldos-en-algete","tag-toldos-en-alpedrete","tag-toldos-en-ambite","tag-toldos-en-anchuelo","tag-toldos-en-aranjuez","tag-toldos-en-arganda-del-rey","tag-toldos-en-arroyomolinos","tag-toldos-en-batres","tag-toldos-en-becerril-de-la-sierra","tag-toldos-en-belmonte-de-tajo","tag-toldos-en-berzosa-del-lozoya","tag-toldos-en-boadilla-del-monte","tag-toldos-en-braojos-de-la-sierra","tag-toldos-en-brea-de-tajo","tag-toldos-en-brunete","tag-toldos-en-buitrago-del-lozoya-toldos-en-bustarviejo","tag-toldos-en-cabanillas-de-la-sierra","tag-toldos-en-cadalso-de-los-vidrios","tag-toldos-en-camarma-de-esteruelas","tag-toldos-en-campo-real","tag-toldos-en-canencia","tag-toldos-en-carabana","tag-toldos-en-casarrubuelos","tag-toldos-en-cenicientos","tag-toldos-en-cercedilla","tag-toldos-en-cervera-de-buitrago","tag-toldos-en-chapineria","tag-toldos-en-chinchon","tag-toldos-en-ciempozuelos","tag-toldos-en-cobena","tag-toldos-en-collado-mediano","tag-toldos-en-collado-villalba","tag-toldos-en-colmenar-de-oreja","tag-toldos-en-colmenar-del-arroyo","tag-toldos-en-colmenar-viejo","tag-toldos-en-colmenarejo","tag-toldos-en-corpa","tag-toldos-en-coslada","tag-toldos-en-cubas-de-la-sagra","tag-toldos-en-daganzo-de-arriba","tag-toldos-en-el-alamo","tag-toldos-en-el-atazar","tag-toldos-en-el-berrueco","tag-toldos-en-el-boalo","tag-toldos-en-el-escorial","tag-toldos-en-el-molar","tag-toldos-en-el-vellon","tag-toldos-en-estremera","tag-toldos-en-fresnedillas-de-la-oliva","tag-toldos-en-fresno-de-torote","tag-toldos-en-fuenlabrada","tag-toldos-en-fuente-el-saz-de-jarama","tag-toldos-en-fuentiduena-de-tajo","tag-toldos-en-galapagar","tag-toldos-en-garganta-de-los-montes","tag-toldos-en-gargantilla-del-lozoya-y-pinilla-de-buitrago","tag-toldos-en-gascones","tag-toldos-en-getafe","tag-toldos-en-grinon","tag-toldos-en-guadalix-de-la-sierra","tag-toldos-en-guadarrama","tag-toldos-en-horcajo-de-la-sierra-aoslos","tag-toldos-en-horcajuelo-de-la-sierra-toldos-en-hoyo-de-manzanares","tag-toldos-en-humanes-de-madrid","tag-toldos-en-illescas","tag-toldos-en-la-acebeda","tag-toldos-en-la-cabrera","tag-toldos-en-la-hiruela","tag-toldos-en-la-serna-del-monte","tag-toldos-en-las-rozas-de-madrid","tag-toldos-en-leganes","tag-toldos-en-loeches","tag-toldos-en-los-molinos","tag-toldos-en-los-santos-de-la-humosa","tag-toldos-en-lozoya","tag-toldos-en-lozoyuela-navas-sieteiglesias","tag-toldos-en-madarcos","tag-toldos-en-madrid","tag-toldos-en-majadahonda","tag-toldos-en-manzanares-el-real","tag-toldos-en-meco","tag-toldos-en-mejorada-del-campo","tag-toldos-en-miraflores-de-la-sierra","tag-toldos-en-montejo-de-la-sierra","tag-toldos-en-moraleja-de-enmedio","tag-toldos-en-moralzarzal","tag-toldos-en-morata-de-tajuna","tag-toldos-en-mostoles","tag-toldos-en-navacerrada","tag-toldos-en-navalafuente","tag-toldos-en-navalagamella","tag-toldos-en-navalcarnero","tag-toldos-en-navarredonda-y-san-mames","tag-toldos-en-navas-del-rey","tag-toldos-en-nuevo-baztan","tag-toldos-en-ocana","tag-toldos-en-olmeda-de-las-fuentes","tag-toldos-en-orusco-de-tajuna","tag-toldos-en-paracuellos-de-jarama","tag-toldos-en-parla","tag-toldos-en-patones","tag-toldos-en-pedrezuela","tag-toldos-en-pelayos-de-la-presa","tag-toldos-en-perales-de-tajuna","tag-toldos-en-pezuela-de-las-torres","tag-toldos-en-pinilla-del-valle","tag-toldos-en-pinto","tag-toldos-en-pinuecar-gandullas","tag-toldos-en-pozuelo-de-alarcon","tag-toldos-en-pozuelo-del-rey","tag-toldos-en-puebla-de-la-sierra","tag-toldos-en-puentes-viejas","tag-toldos-en-quijorna","tag-toldos-en-rascafria","tag-toldos-en-reduena","tag-toldos-en-ribatejada","tag-toldos-en-rivas-vaciamadrid","tag-toldos-en-robledillo-de-la-jara","tag-toldos-en-robledo-de-chavela","tag-toldos-en-robregordo","tag-toldos-en-rozas-de-puerto-real","tag-toldos-en-san-agustin-del-guadalix","tag-toldos-en-san-fernando-de-henares","tag-toldos-en-san-lorenzo-de-el-escorial","tag-toldos-en-san-martin-de-la-vega","tag-toldos-en-san-martin-de-valdeiglesias","tag-toldos-en-san-sebastian-de-los-reyes","tag-toldos-en-santa-maria-de-la-alameda","tag-toldos-en-santorcaz","tag-toldos-en-serranillos-del-valle","tag-toldos-en-sesena-toldos-araque","tag-toldos-en-sevilla-la-nueva","tag-toldos-en-somosierra","tag-toldos-en-soto-del-real","tag-toldos-en-talamanca-de-jarama","tag-toldos-en-tielmes","tag-toldos-en-titulcia","tag-toldos-en-toledo","tag-toldos-en-torrejon-de-ardoz","tag-toldos-en-torrejon-de-la-calzada","tag-toldos-en-torrejon-de-velasco","tag-toldos-en-torrelaguna","tag-toldos-en-torrelodones","tag-toldos-en-torremocha-de-jarama","tag-toldos-en-torres-de-la-alameda","tag-toldos-en-tres-cantos","tag-toldos-en-valdaracete","tag-toldos-en-valdeavero","tag-toldos-en-valdelaguna","tag-toldos-en-valdemanco","tag-toldos-en-valdemaqueda","tag-toldos-en-valdemorillo","tag-toldos-en-valdemoro","tag-toldos-en-valdeolmos-alalpardo","tag-toldos-en-valdepielagos","tag-toldos-en-valdetorres-de-jarama","tag-toldos-en-valdilecha","tag-toldos-en-valverde-de-alcala","tag-toldos-en-velilla-de-san-antonio","tag-toldos-en-venturada","tag-toldos-en-villa-del-prado","tag-toldos-en-villaconejos","tag-toldos-en-villalbilla","tag-toldos-en-villamanrique-de-tajo","tag-toldos-en-villamanta","tag-toldos-en-villamantilla","tag-toldos-en-villanueva-de-la-canada","tag-toldos-en-villanueva-de-perales","tag-toldos-en-villanueva-del-pardillo","tag-toldos-en-villar-del-olmo","tag-toldos-en-villarejo-de-salvanes","tag-toldos-en-villaviciosa-de-odon","tag-toldos-en-villavieja-del-lozoya","tag-toldos-en-zarzalejo","tag-toldos-portada-en-toledo"],"_links":{"self":[{"href":"https:\/\/toldosaraque.com\/madrid\/wp-json\/wp\/v2\/posts\/4468","targetHints":{"allow":["GET"]}}],"collection":[{"href":"https:\/\/toldosaraque.com\/madrid\/wp-json\/wp\/v2\/posts"}],"about":[{"href":"https:\/\/toldosaraque.com\/madrid\/wp-json\/wp\/v2\/types\/post"}],"author":[{"embeddable":true,"href":"https:\/\/toldosaraque.com\/madrid\/wp-json\/wp\/v2\/users\/3"}],"replies":[{"embeddable":true,"href":"https:\/\/toldosaraque.com\/madrid\/wp-json\/wp\/v2\/comments?post=4468"}],"version-history":[{"count":0,"href":"https:\/\/toldosaraque.com\/madrid\/wp-json\/wp\/v2\/posts\/4468\/revisions"}],"wp:featuredmedia":[{"embeddable":true,"href":"https:\/\/toldosaraque.com\/madrid\/wp-json\/wp\/v2\/media\/4148"}],"wp:attachment":[{"href":"https:\/\/toldosaraque.com\/madrid\/wp-json\/wp\/v2\/media?parent=4468"}],"wp:term":[{"taxonomy":"category","embeddable":true,"href":"https:\/\/toldosaraque.com\/madrid\/wp-json\/wp\/v2\/categories?post=4468"},{"taxonomy":"post_tag","embeddable":true,"href":"https:\/\/toldosaraque.com\/madrid\/wp-json\/wp\/v2\/tags?post=4468"}],"curies":[{"name":"wp","href":"https:\/\/api.w.org\/{rel}","templated":true}]}}